{"id":5857,"date":"2020-07-29T14:26:12","date_gmt":"2020-07-29T14:26:12","guid":{"rendered":"https:\/\/lossurgentes.gob.ar\/home\/?p=5857"},"modified":"2020-07-29T14:30:35","modified_gmt":"2020-07-29T14:30:35","slug":"fiesta-provincial-de-los-santos-patronos","status":"publish","type":"post","link":"https:\/\/lossurgentes.gob.ar\/home\/fiesta-provincial-de-los-santos-patronos\/","title":{"rendered":"Fiesta Provincial de los Santos Patronos"},"content":{"rendered":"\n<h4 class=\"wp-block-heading\">Conoc\u00e9 sobre los or\u00edgenes y los cronogramas a\u00f1o a a\u00f1o<\/h4>\n\n\n\n<p><strong>Or\u00edgenes<\/strong><\/p>\n\n\n\n<p>La Fiesta Provincial de los Santos Patronos tiene sus or\u00edgenes en el a\u00f1o 2009, durante el Gobierno del Intendente Eduardo Germ\u00e1n Buttarelli, con la intenci\u00f3n de que la localidad de Los Surgentes tuviese el honor de realizar una fiesta tradicional a nivel provincial.<\/p>\n\n\n\n<p>La reciente creaci\u00f3n en Octubre de 2008 del Paseo Recreativo Espiritual \u201cV\u00eda Mater Dei\u201d, primer parque tem\u00e1tico en Sudam\u00e9rica dedicado exclusivamente a la imagen de la Sant\u00edsima Virgen Mar\u00eda; as\u00ed como tambi\u00e9n la Declaraci\u00f3n del Centro C\u00edvico de la localidad como Patrimonio Hist\u00f3rico Provincial (Ley 7997), fueron la piedra angular sobre la cual edificar esta gran fiesta que ten\u00eda como prop\u00f3sito hacer conocer tur\u00edstica y culturalmente a nuestra localidad.<\/p>\n\n\n\n<p>Hist\u00f3ricamente nuestro pueblo se ha caracterizado por un fuerte arraigo a las tradiciones gauchas y al folclore nacional, manteni\u00e9ndolo vivo a trav\u00e9s de la Agrupaci\u00f3n Gaucha Posta El Lobat\u00f3n, conformada por un grupo de hombres a caballo que nos representan en la regi\u00f3n llevando el nombre de Los Surgentes a cada rinc\u00f3n del pa\u00eds, participando de desfiles y fiestas populares.<\/p>\n\n\n\n<figure class=\"wp-block-image size-large\"><img fetchpriority=\"high\" decoding=\"async\" width=\"285\" height=\"206\" src=\"https:\/\/lossurgentes.gob.ar\/home\/wp-content\/uploads\/2020\/07\/santos-01-1.jpg\" alt=\"\" class=\"wp-image-5863\"\/><\/figure>\n\n\n\n<p>Otra de las celebraciones de gran valor religioso son las Fiestas Patronales que se realizan el 4 de Noviembre de cada a\u00f1o, en honor a San Carlos Borromeo, donde se realiza una novena, Misa y Procesi\u00f3n multitudinarias, con la participaci\u00f3n de todas las instituciones locales.<\/p>\n\n\n\n<p>Visto, que tanto las actividades de las Agrupaciones Gauchas como las celebraciones del Santo Patrono son dos hechos comunes a todos los pueblos de nuestro pa\u00eds, y considerando a estos dos grandes pilares de nuestra sociedad como lo son la FE Y la TRADICI\u00d3N se crea la Fiesta Provincial de los Santos Patronos, a realizarse anualmente el 1\u00ba domingo de mayo, elevando el proyecto, con su respectiva solicitud de agenda en el Calendario de Festividades Provinciales, ante la Agencia C\u00f3rdoba Cultura y Agencia C\u00f3rdoba Turismo.<\/p>\n\n\n\n<figure class=\"wp-block-image size-large\"><img decoding=\"async\" width=\"399\" height=\"266\" src=\"https:\/\/lossurgentes.gob.ar\/home\/wp-content\/uploads\/2020\/07\/santos-02-1.jpg\" alt=\"\" class=\"wp-image-5864\"\/><\/figure>\n\n\n\n<p>De tal modo, el Ejecutivo Municipal con la coordinaci\u00f3n de la Direcci\u00f3n de Cultura realizan reuniones con la Agrupaci\u00f3n Gaucha Posta el Lobat\u00f3n y con la Parroquia San Carlos Borromeo donde entonces cumpl\u00eda sus funciones sacerdotales el Padre Rub\u00e9n Dar\u00edo Sangen\u00eds, para ofrecerles realizar de manera conjunta la FIESTA PROVINCIAL DE LOS SANTOS PATRONOS, quienes inmediatamente se suman a esta propuesta.<\/p>\n\n\n\n<h2 class=\"wp-block-heading\">Cronograma anual<\/h2>\n\n\n\n<ul class=\"wp-block-list\"><li>Recepci\u00f3n de Agrupaciones en el Campo de Doma<\/li><li>Recepci\u00f3n de las Delegaciones Parroquiales<\/li><li>Misa en el Paseo Espiritual V\u00eda Mater Dei<\/li><li>Procesi\u00f3n y desfile de las agrupaciones gauchas portando los estandartes de los Santos Patronos de las localidades y ciudades que nos visitan<\/li><li>Almuerzo Gaucho<\/li><li>Juegos y destreza criolla. Jineteada<\/li><li>Espect\u00e1culos folcl\u00f3ricos<\/li><li>Encuentro de artesanos<\/li><\/ul>\n\n\n\n<figure class=\"wp-block-image size-large\"><img decoding=\"async\" width=\"515\" height=\"290\" src=\"https:\/\/lossurgentes.gob.ar\/home\/wp-content\/uploads\/2020\/07\/santos-03.jpg\" alt=\"\" class=\"wp-image-5860\"\/><\/figure>\n\n\n\n<figure class=\"wp-block-image size-large\"><img loading=\"lazy\" decoding=\"async\" width=\"381\" height=\"254\" src=\"https:\/\/lossurgentes.gob.ar\/home\/wp-content\/uploads\/2020\/07\/santos-04.jpg\" alt=\"\" class=\"wp-image-5861\"\/><\/figure>\n","protected":false},"excerpt":{"rendered":"<p>Conoc\u00e9 sobre los or\u00edgenes y los cronogramas a\u00f1o a a\u00f1o Or\u00edgenes La Fiesta Provincial de los Santos Patronos tiene sus or\u00edgenes en el a\u00f1o 2009,&hellip;<\/p>\n","protected":false},"author":4,"featured_media":5861,"comment_status":"open","ping_status":"open","sticky":false,"template":"","format":"standard","meta":{"_monsterinsights_skip_tracking":false,"_monsterinsights_sitenote_active":false,"_monsterinsights_sitenote_note":"","_monsterinsights_sitenote_category":0,"_joinchat":[],"footnotes":""},"categories":[113],"tags":[],"class_list":["post-5857","post","type-post","status-publish","format-standard","has-post-thumbnail","hentry","category-historia"],"aioseo_notices":[],"_links":{"self":[{"href":"https:\/\/lossurgentes.gob.ar\/home\/wp-json\/wp\/v2\/posts\/5857","targetHints":{"allow":["GET"]}}],"collection":[{"href":"https:\/\/lossurgentes.gob.ar\/home\/wp-json\/wp\/v2\/posts"}],"about":[{"href":"https:\/\/lossurgentes.gob.ar\/home\/wp-json\/wp\/v2\/types\/post"}],"author":[{"embeddable":true,"href":"https:\/\/lossurgentes.gob.ar\/home\/wp-json\/wp\/v2\/users\/4"}],"replies":[{"embeddable":true,"href":"https:\/\/lossurgentes.gob.ar\/home\/wp-json\/wp\/v2\/comments?post=5857"}],"version-history":[{"count":3,"href":"https:\/\/lossurgentes.gob.ar\/home\/wp-json\/wp\/v2\/posts\/5857\/revisions"}],"predecessor-version":[{"id":5867,"href":"https:\/\/lossurgentes.gob.ar\/home\/wp-json\/wp\/v2\/posts\/5857\/revisions\/5867"}],"wp:featuredmedia":[{"embeddable":true,"href":"https:\/\/lossurgentes.gob.ar\/home\/wp-json\/wp\/v2\/media\/5861"}],"wp:attachment":[{"href":"https:\/\/lossurgentes.gob.ar\/home\/wp-json\/wp\/v2\/media?parent=5857"}],"wp:term":[{"taxonomy":"category","embeddable":true,"href":"https:\/\/lossurgentes.gob.ar\/home\/wp-json\/wp\/v2\/categories?post=5857"},{"taxonomy":"post_tag","embeddable":true,"href":"https:\/\/lossurgentes.gob.ar\/home\/wp-json\/wp\/v2\/tags?post=5857"}],"curies":[{"name":"wp","href":"https:\/\/api.w.org\/{rel}","templated":true}]}}