{"id":5841,"date":"2020-07-29T14:22:26","date_gmt":"2020-07-29T14:22:26","guid":{"rendered":"https:\/\/lossurgentes.gob.ar\/home\/?p=5841"},"modified":"2021-08-25T13:27:10","modified_gmt":"2021-08-25T13:27:10","slug":"ex-combatientes-de-malvinas","status":"publish","type":"post","link":"https:\/\/lossurgentes.gob.ar\/home\/ex-combatientes-de-malvinas\/","title":{"rendered":"Ex Combatientes de Malvinas"},"content":{"rendered":"\n<h4 class=\"wp-block-heading\">Homenajea a nuestros veteranos de Malvinas<\/h4>\n\n\n\n<p>El 2 de abril de 1982, las Fuerzas Armadas de nuestra Patria, ocuparon el territorio de las islas Malvinas (hac\u00eda exactamente ciento cuarenta y nueve (149) a\u00f1os que estaban en poder del reino de Gran Breta\u00f1a, por un acto de verdadera rapi\u00f1a), ese d\u00eda Argentina recuper\u00f3 la soberan\u00eda sobre el Archipi\u00e9lago de Malvinas, Georgias y Sandwich del Sud.<\/p>\n\n\n\n<p>El diario La Naci\u00f3n, en uno de sus art\u00edculos afirmaba que Jenn Morgan del The Guardian de Londres, hab\u00eda expresado un mes antes, en la ciudad de Mendoza, en ocasi\u00f3n de celebrarse la Fiesta de la Vendimia, que desde el de febrero se ten\u00eda informaci\u00f3n bastante cierta sobre una invasi\u00f3n en las Malvinas, por fuerzas Argentina.<\/p>\n\n\n\n<p>A las veinticuatros (24) horas de recuperadas nuestras caras y amadas islas de sud, por Resoluci\u00f3n Nro. 502 de la O.N.U., se dispuso el cese inmediato de las hostilidades, como as\u00ed de todas las fuerzas argentinas, y buscar una soluci\u00f3n diplom\u00e1tica a los reclamos de nuestro Pa\u00eds.<\/p>\n\n\n\n<p>El 4 de abril sali\u00f3 del puerto de Portsmouth rumbo a Malvinas, una poderosa flota brit\u00e1nica para recuperar las islas argentinas.<\/p>\n\n\n\n<p>Un enviado del presidente norteamericano, Ronald Reagan, el Famoso y triste general Alexander Haig lleg\u00f3 a la ciudad de Buenos Aires, para negociar y mediaren el conflicto argentino-brit\u00e1nico. El 19 de abril, Haig regres\u00f3 al Pa\u00eds del Norte, despu\u00e9s de largas y agitadas conversaciones con funcionarios argentinos, sin un resultado positivo, se\u00f1alando que los Estados Unidos apoyar\u00eda a Gran Breta\u00f1a y que la guerra en el Atl\u00e1ntico Sud significar\u00eda una tragedia, fundamentando sus d\u00edceres dados los acuerdos o pactos preexistentes entre su Pa\u00eds y el Reino Unido.<\/p>\n\n\n\n<p>Por otro lado la Comunidad Econ\u00f3mica Europea (Gran Breta\u00f1a, Francia, Alemania Occidental, Italia, Grecia, Holanda, B\u00e9lgica, Dinamarca, Irlanda y Luxemburgo) dispusieron medidas econ\u00f3micas en contra de Argentina, quedando solidaria con Gran Breta\u00f1a.<\/p>\n\n\n\n<p>El 26 de abril naves brit\u00e1nicas, con apoyo de fuerzas a\u00e9reas recuperaron las Georgias.<\/p>\n\n\n\n<figure class=\"wp-block-image size-large\"><img fetchpriority=\"high\" decoding=\"async\" width=\"2048\" height=\"1370\" src=\"https:\/\/lossurgentes.gob.ar\/home\/wp-content\/uploads\/2020\/07\/malvinas1.jpg\" alt=\"\" class=\"wp-image-5842\"\/><\/figure>\n\n\n\n<p>Por su parte el \u00f3rgano de consulta de la O.E.A., aprob\u00f3 por diecisiete (17) votos, contra (4) abstenciones (Estados Unidos, Chile, Colombia y Trinidad Tobago) una resoluci\u00f3n de apoyo a nuestra Patria, basado en el art\u00edculo 6to., del Tratado Interamericano de Asistencia Rec\u00edproca. La abstenci\u00f3n norteamericana se\u00f1al\u00f3 una traici\u00f3n al pacto que los Estados Unidos impusiera, oportunamente, al Continente, ahora a la vista que con el \u00fanico objetivo de utilizarlo en propio beneficio.<\/p>\n\n\n\n<p>El 1 de mayo, despu\u00e9s de establecer un bloqueo sobre nuestras costas, Inglaterra con el apoyo incondicional de Estados Unidos, lanz\u00f3 un ataque aeronaval sobre las Malvinas. Espa\u00f1a calific\u00f3 este accionar ingl\u00e9s como un grave error hist\u00f3rico.<\/p>\n\n\n\n<p>El 3 de mayo, fuera de la zona de bloqueo, los ingleses hundieron el crucero \u201cGeneral Belgrano\u201d con mil cuarenta y dos (1.042) hombres a bordo, acci\u00f3n lamentable donde desaparecieron cuatrocientos (400) argentinos.<\/p>\n\n\n\n<p>Javier P\u00e9rez de Cuellar, secretario de la U.N., fracas\u00f3 en sus gestiones de lograr un acercamiento diplom\u00e1tico, ante la intransigencia brit\u00e1nica en la persona de la primera ministra Margaret Tatcher y el canciller Francis Pyn, quienes exig\u00edan el retiro incondicional de las tropas argentinas.<\/p>\n\n\n\n<p>El 17 de mayo Italia e Irlanda levantaron las sanciones contra Argentina.<\/p>\n\n\n\n<p>Inglaterra y Estados Unidos vetaron en U.N. una moci\u00f3n de cese de fuego; en tanto el ministro Costa M\u00e9ndez se entrevist\u00f3 en La Habana con Fidel Castro, ante la postura de solidaridad a nuestro Pa\u00eds por los Pa\u00edses no alineados, agreg\u00e1ndose luego Venezuela, Panam\u00e1 y Per\u00fa, quienes ofrecieron toda clases de ayuda.<\/p>\n\n\n\n<figure class=\"wp-block-image size-large\"><img decoding=\"async\" width=\"1371\" height=\"2048\" src=\"https:\/\/lossurgentes.gob.ar\/home\/wp-content\/uploads\/2020\/07\/malvinas2.jpg\" alt=\"\" class=\"wp-image-5843\"\/><\/figure>\n\n\n\n<p>El 3 de junio el Consejo de Seguridad de la O.N.U. aprob\u00f3 por diez (10) votos a favor (Estados Unidos, Francia, Guyana, Irlanda, Jap\u00f3n, Jordania, Tojo, Uganda, Zaire y Gran Breta\u00f1a); cuatro (4) abstenciones (China, Uni\u00f3n Sovi\u00e9tica, Polonia y Espa\u00f1a) y uno (1) en contra (Panam\u00e1) el proyecto de resoluci\u00f3n ingl\u00e9s que demandaba el cese inmediato de las hostilidades retiro de las fuerzas argentinas y la urgente b\u00fasqueda de una soluci\u00f3n negociable. El entonces canciller de nuestro Pa\u00eds, doctor Nicanor Costa M\u00e9ndez manifest\u00f3 que: \u201cNo se negociar\u00eda la soberan\u00eda, porque no es negociable\u201d. Postura que mantuvo durante todo el conflicto argentina.<\/p>\n\n\n\n<p>El 11 de junio lleg\u00f3 a la ciudad de Buenos Aires el Papa Juan Pablo II, despu\u00e9s de una visita a la ciudad de Londres, aqu\u00ed en la Argentina el Sumo Pont\u00edfice rez\u00f3 por la Paz en misas multitudinarias tanto en Capital Federal como en la Bas\u00edlica de Lujan; dos d\u00edas despu\u00e9s, al partir, prometi\u00f3 volver en momentos de paz. Es indudable que su Santidad fue portador de la postura de los ingleses de no ceder en ning\u00fan momento y continuar la guerra hasta sus \u00faltimas consecuencias.<\/p>\n\n\n\n<p>El 14 de junio (cuarenta y cinco (45) d\u00edas despu\u00e9s de la recuperaci\u00f3n de Malvinas), por el comunicado Nro. 163 del Estado Mayor Conjunto, dado a las 16 y 30hs. se inform\u00f3 al pueblo argentino, el cese de fuego en Malvinas, al cual sigui\u00f3 la capitulaci\u00f3n del general Mario Benjam\u00edn Men\u00e9ndez, Gobernador Militar y Jefe Supremo de las fuerzas nacionales en Malvinas, ante el general Jeremy Moore, Jefe de las tropas inglesas. El Documento fue firmado en Puerto Argentino.<\/p>\n\n\n\n<p>El 15 de junio anunciada la capitulaci\u00f3n militar frente a los ingleses, el pueblo argentino expres\u00f3 en manifestaciones callejeras su posici\u00f3n en contra del Gobierno. Se cuestion\u00f3 entre otras cosas: la oportunidad, la estrategia utilizada y los errores cometidos frente a la relaci\u00f3n de fuerzas, viendo reci\u00e9n entonces que se debi\u00f3 luchar no s\u00f3lo con Gran Breta\u00f1a y Los Estados Unidos, sino contra la N.A.T.O. y las sanciones de la Comunidad Econ\u00f3mica Europea.<\/p>\n\n\n\n<p>Fueron muchos los argentinos que dieron de s\u00ed lo mejor que ten\u00edan, a\u00fan sus preciosas vidas en este episodio de nuestra Historia Nacional. All\u00ed en Malvinas quedaron, para siempre muchos de nuestros soldados, suboficiales y oficiales; otros en tanto volvieron malheridos y con secuelas f\u00edsicas y ps\u00edquicas que ser\u00e1n amargos recuerdos para el resto de sus vidas.<\/p>\n\n\n\n<p>Los Surgentes estuvo presente en este episodio de nuestra Historia, con cuatro de sus hijos que fueron ex \u2013 combatientes de Malvinas: Edgardo Martinenco, Carlos Daniel Jos\u00e9 Volpi, Omar Javier Giulianelli y Gerardo Javier Vaccarini.<\/p>\n\n\n\n<p>Edgardo Martinenco, revest\u00eda como soldado de la clase 1963, en la Guarnici\u00f3n Militar Sarmiento \u2013 provincia de Chubut- quien estuvo durante el conflicto de Malvinas, en el Puerto Argentino y fue evacuado a tierra firme el 14 de junio.<\/p>\n\n\n\n<p>Carlos Daniel Jos\u00e9 Volpi, clase 1963, relat\u00f3 a la que escribe esta obra, que el 2 de febrero de 1982 fue incorporado al Ej\u00e9rcito en la Guarnici\u00f3n Militar Sarmiento \u2013 provincia de Chubut \u2013 Regimiento de Infanter\u00eda. El 2 de abril desembarco en Malvinas \u2013 Puerto Argentino \u2013 siendo destinado al Aeropuerto \u2013 Secci\u00f3n Apoyo \u2013 hubo de rendirse con sus compa\u00f1eros el 13 de junio, regresando al Continente el 15 de junio en la nave \u00abBah\u00eda Para\u00edso\u00bb (nave hospital), siendo desembarcado en el puerto de Santa Cruz. Subjefe del Regimiento Infanter\u00eda 25 era el coronel Mohamed Al\u00ed Seineld\u00edn. Hoy reside en Los Surgente, dedicado a tareas agr\u00edcolas-ganaderas.<\/p>\n\n\n\n<p>Omar Giulianelli, soldado de la clase 1963, en Guarnici\u00f3n Militar Sarmiento \u2013 provincia de Chubut, el 2 de abril desembarc\u00f3 en Puerto Argentino donde fue destinado como soldado de guardia y vigilancia en la pista de aterrizaje siendo evacuado el 8 de junio. Dedicado a tareas del agro en la zona rural de los Surgentes, actualmente.<\/p>\n\n\n\n<figure class=\"wp-block-image size-large\"><img decoding=\"async\" width=\"2048\" height=\"1370\" src=\"https:\/\/lossurgentes.gob.ar\/home\/wp-content\/uploads\/2020\/07\/malvinas3.jpg\" alt=\"\" class=\"wp-image-5844\"\/><\/figure>\n\n\n\n<p>Tanto Carlos Daniel Jos\u00e9 como Omar despu\u00e9s de ser desembarcados en el Puerto de Santa Cruz, hicieron escala en R\u00edo grande, de all\u00ed pasaron a Comodoro Rivadavia e internados en el Hospital Regional y luego trasladados al Hospital Militar de Campo de Mayo (durante cuarenta (40) d\u00edas), posteriormente volvieron a la Guarnici\u00f3n Militar Sarmiento. El 27 de julio fueron licenciados llegando Los Surgentes el 15 de agosto, cinco d\u00edas despu\u00e9s fueron dados de baja.<\/p>\n\n\n\n<p>Gerardo Javier Vaccarini, a pedido de la autora de este libro, me escribi\u00f3 sus experiencias como ex \u2013 combatiente de Malvinas, que por su sencillez y cari\u00f1o no puedo dejar de confesar que al leerlas, mis ojos de cuajaron de l\u00e1grimas y como argentina me sent\u00eda orgullosa de nuestros saldaditos, que escribieron una p\u00e1gina m\u00e1s de nuestra historia.<\/p>\n\n\n\n<p>Gerardo Javier, como sus compa\u00f1eros de Los Surgentes fue incorporado el 2 de febrero en la ciudad de Rio Cuarto (provincia de C\u00f3rdoba) y desde all\u00ed fue trasladado en tren a la ciudad de C\u00f3rdoba, donde pasaron la noche. El 3 de febrero a la ma\u00f1ana y tras dos (2) horas de vuelo llegaron a Comodoro Rivadavia, desde este punto en un colectivo tanto Gerardo Javier, como sus compa\u00f1eros, fueron llevados a Colonia Sarmiento \u2013 provincia de Chubut-, destino final. Siendo incorporado a la Compa\u00f1\u00eda 9 que con el Grupo de Artiller\u00eda 5 y el Regimiento de Infanter\u00eda 25, conformaban la Guarnici\u00f3n Militar Sarmiento, al mando de la cual estaba el teniente coronel Mohamed Al\u00ed Seineldin, siendo su Jefe de compa\u00f1\u00eda el mayor Oscar Minorini Lema. Durante un mes recibieron instrucci\u00f3n militar a orillas del R\u00edo Senger, posteriormente la preparaci\u00f3n continu\u00f3 en las instalaciones militares. El 1 de abril fueron trasladados a Comodoro Rivadavia y tras dormir all\u00ed, el d\u00eda 2 en avi\u00f3n volaron a Malvinas, donde llegaron entre las 9 y 30 y 10 hs., a Puerto Argentino (ex \u2013 Puerto Stanley). En el avi\u00f3n donde ellos hab\u00edan viajado, al retornar al Continente fueron trasladados los restos mortales del capit\u00e1n Giachino, primera v\u00edctima argentina en esta campa\u00f1a.<\/p>\n\n\n\n<p>Despu\u00e9s de permanecer dos (2) d\u00edas en Puerto Argentino, de noche dorm\u00edan en el rompehielos Almirante Ir\u00edzar, Gerardo Javier y un grupo de soldados, suboficiales y oficiales fueron embarcados en el buque \u00abIsla de los Estados\u00bb con los integrantes del Regimiento de Infanter\u00eda 25, siendo los mismos repartidos en distintos lugares de la Isla, navegando por el Estrecho San Carlos, Gerardo Javier y un grupo de soldados fueron desembarcados en Bah\u00eda de Los Zorros.<\/p>\n\n\n\n<p>Las tropas inglesas tardaron quince (15) d\u00edas en llegar a las Malvinas, nos cuenta Gerardo Javier, en tanto nuestras tropas prepararon la defensa (cavando pozos de zorros, minando campos, distribuyendo alambrados y levantando simulaciones de armamento). Al cabo de un mes nuestra fuerza militares entraron en acci\u00f3n, dado que entonces quienes hab\u00edan participado activamente los suboficiales y oficiales, solo tuvieron un importante comportamiento en las distintas acciones cual verdaderos h\u00e9roes.<\/p>\n\n\n\n<p>El 16 de mayo, en la zona en donde estaba destinado Gerardo Javier, sufri\u00f3 el primer ataque a\u00e9reo, al cual le sucedi\u00f3 una serie de otro, por parte de la artiller\u00eda naval inglesa, siendo las horas preferidas para atacar el horario nocturno.<\/p>\n\n\n\n<p>La defensa de nuestras tropas estaban en inferioridad de condiciones por muchas causas, entre ellas debemos destacar que los ca\u00f1ones de nuestras fuerzas llegaban a s\u00f3lo once (11) kil\u00f3metros, en tanto los bombardeos navales ingleses eran de veinte (20) kil\u00f3metros.<\/p>\n\n\n\n<p>Mas, Gerardo Javier, recuerda que hubo un intento de desembarco ingl\u00e9s en Ganso Verde, que fue frustrado por nuestra aviaci\u00f3n.<\/p>\n\n\n\n<p>El 14 de junio fueron rendidas nuestras fuerzas y tanto soldados, como suboficiales y oficiales debieron entregar el armamento a su cargo a los brit\u00e1nicos.<\/p>\n\n\n\n<p>Gerardo Javier y sus compa\u00f1eros fueron tomados prisioneros y bajo las \u00f3rdenes de militares ingleses les hicieron tapar pozos y zanjas, levantar los alambrados de p\u00faas y desactivar las minas que hab\u00edan colocado en los campos cercanos, durante cuatro (4) d\u00edas.<\/p>\n\n\n\n<p>En helic\u00f3pteros las tropas argentinas fueron trasladadas a Sea King (Rey de Mar) donde los alojaron en una fragata, durante un d\u00eda; desde all\u00ed pasaron en un trasladador al buque \u00abNorlan\u00bb en horas de la noche.<\/p>\n\n\n\n<p>El \u00abNorlan\u00bb en su viaje iba recogiendo grupos de prisioneros hasta llegar a Puerto Argentino. En el camino a tierra firme el \u00abNorlan\u00bb fue seguido por dos (2) fragatas inglesas.<\/p>\n\n\n\n<figure class=\"wp-block-image size-large\"><img loading=\"lazy\" decoding=\"async\" width=\"2048\" height=\"1370\" src=\"https:\/\/lossurgentes.gob.ar\/home\/wp-content\/uploads\/2020\/07\/malvinas4-1.jpg\" alt=\"\" class=\"wp-image-5848\"\/><\/figure>\n\n\n\n<p>El d\u00eda 21 de junio a las 10 y 30 hs. llegaron nuestros sufridos soldados a Puerto Madryn, de all\u00ed en colectivo se los llev\u00f3 a Trelew y en avi\u00f3n a Comodoro Rivadavia, donde pasaron dos (2) d\u00edas en recuperaci\u00f3n. Regresando, finalmente, a la Guarnici\u00f3n Sarmiento. Despu\u00e9s de permaneces durante quince (15) d\u00edas all\u00ed fueron licenciados por dos (2) semanas Gerardo Javier, fue dado de baja el 18 de agosto, desde Comodoro Rivadavia regres\u00f3 en avi\u00f3n a la ciudad de C\u00f3rdoba con sus compa\u00f1eros.<\/p>\n\n\n\n<p>Este es el testimonio de un soldado argentino, que con orgullo supo defender el pabell\u00f3n nacional, hasta \u00faltimo momento en suelo de las Malvinas.<\/p>\n\n\n\n<p>Gerardo Javier, hubo de escribir un diario de las vivencias vividas en el Archipi\u00e9lago, mas al ser tomado prisionero los ingleses se los incautaron. Hoy ejerce en Los Surgentes su profesi\u00f3n de contador. Los ex \u2013 combatientes de Malvinas de Los Surgentes, est\u00e1n integrados a la Agrupaci\u00f3n Veteranos de Guerra del Sudeste de C\u00f3rdoba, participando en reuniones y congresos nacionales de ex \u2013 combatientes.<\/p>\n\n\n\n<figure class=\"wp-block-image size-large\"><img loading=\"lazy\" decoding=\"async\" width=\"2048\" height=\"1370\" src=\"https:\/\/lossurgentes.gob.ar\/home\/wp-content\/uploads\/2020\/07\/malvinas5.jpg\" alt=\"\" class=\"wp-image-5846\"\/><\/figure>\n\n\n\n<p>Fuente: Transcurso Hist\u00f3rico de Los Surgentes. A\u00f1o 1992 Marta N\u00fa\u00f1ez<br><\/p>\n\n\n\n<h3 class=\"wp-block-heading\">Ex Combatientes<\/h3>\n\n\n\n<ul class=\"wp-block-list\"><li>Vaccarini, Gerardo<\/li><li>Giulianelli, Omar<\/li><li>Volpi, Carlos<\/li><li>Martinenco, Edgardo (reside en Inriville)<\/li><\/ul>\n\n\n\n<h3 class=\"wp-block-heading\">Ciudadanos bajo Bandera<\/h3>\n\n\n\n<ul class=\"wp-block-list\"><li>Isa\u00eda, Aldo<\/li><li>Bozikovich, Javier<\/li><li>Buttarelli, Eduardo Germ\u00e1n<\/li><li>Paolorossi, Abel<\/li><li>Casalis, Rodolfo<\/li><li>Gagliardi, Iv\u00e1n<\/li><li>Skalko, Gerardo<\/li><li>Rubiolo, Eduardo<\/li><li>Poli, Adri\u00e1n<\/li><li>Colacilli, Javier<\/li><\/ul>\n\n\n\n<figure class=\"wp-block-image size-large\"><img loading=\"lazy\" decoding=\"async\" width=\"2048\" height=\"1370\" src=\"https:\/\/lossurgentes.gob.ar\/home\/wp-content\/uploads\/2020\/07\/malvinas6.jpg\" alt=\"\" class=\"wp-image-5847\"\/><figcaption><em>En nuestra localidad, cada 2 de Abril se realizan sentidos homenajes a nuestros veteranos de Malvinas. El monolito recordatorio se encuentra en la Plaza.<\/em><\/figcaption><\/figure>\n","protected":false},"excerpt":{"rendered":"<p>Homenajea a nuestros veteranos de Malvinas El 2 de abril de 1982, las Fuerzas Armadas de nuestra Patria, ocuparon el territorio de las islas Malvinas&hellip;<\/p>\n","protected":false},"author":4,"featured_media":5849,"comment_status":"open","ping_status":"open","sticky":false,"template":"","format":"standard","meta":{"_monsterinsights_skip_tracking":false,"_monsterinsights_sitenote_active":false,"_monsterinsights_sitenote_note":"","_monsterinsights_sitenote_category":0,"_joinchat":[],"footnotes":""},"categories":[113],"tags":[],"class_list":["post-5841","post","type-post","status-publish","format-standard","has-post-thumbnail","hentry","category-historia"],"aioseo_notices":[],"_links":{"self":[{"href":"https:\/\/lossurgentes.gob.ar\/home\/wp-json\/wp\/v2\/posts\/5841","targetHints":{"allow":["GET"]}}],"collection":[{"href":"https:\/\/lossurgentes.gob.ar\/home\/wp-json\/wp\/v2\/posts"}],"about":[{"href":"https:\/\/lossurgentes.gob.ar\/home\/wp-json\/wp\/v2\/types\/post"}],"author":[{"embeddable":true,"href":"https:\/\/lossurgentes.gob.ar\/home\/wp-json\/wp\/v2\/users\/4"}],"replies":[{"embeddable":true,"href":"https:\/\/lossurgentes.gob.ar\/home\/wp-json\/wp\/v2\/comments?post=5841"}],"version-history":[{"count":2,"href":"https:\/\/lossurgentes.gob.ar\/home\/wp-json\/wp\/v2\/posts\/5841\/revisions"}],"predecessor-version":[{"id":6959,"href":"https:\/\/lossurgentes.gob.ar\/home\/wp-json\/wp\/v2\/posts\/5841\/revisions\/6959"}],"wp:featuredmedia":[{"embeddable":true,"href":"https:\/\/lossurgentes.gob.ar\/home\/wp-json\/wp\/v2\/media\/5849"}],"wp:attachment":[{"href":"https:\/\/lossurgentes.gob.ar\/home\/wp-json\/wp\/v2\/media?parent=5841"}],"wp:term":[{"taxonomy":"category","embeddable":true,"href":"https:\/\/lossurgentes.gob.ar\/home\/wp-json\/wp\/v2\/categories?post=5841"},{"taxonomy":"post_tag","embeddable":true,"href":"https:\/\/lossurgentes.gob.ar\/home\/wp-json\/wp\/v2\/tags?post=5841"}],"curies":[{"name":"wp","href":"https:\/\/api.w.org\/{rel}","templated":true}]}}