{"id":5836,"date":"2020-07-29T14:17:15","date_gmt":"2020-07-29T14:17:15","guid":{"rendered":"https:\/\/lossurgentes.gob.ar\/home\/?p=5836"},"modified":"2020-07-29T14:17:17","modified_gmt":"2020-07-29T14:17:17","slug":"lugar-historico-espacio-de-la-memoria","status":"publish","type":"post","link":"https:\/\/lossurgentes.gob.ar\/home\/lugar-historico-espacio-de-la-memoria\/","title":{"rendered":"Lugar Hist\u00f3rico &#8211; Espacio de la Memoria"},"content":{"rendered":"\n<h4 class=\"wp-block-heading\">La Masacre de Los Surgentes<\/h4>\n\n\n\n<p>Este sitio, tristemente conocido por los acontecimientos de 1976, donde fueron acribillados 7 j\u00f3venes pas\u00f3 a la historia como lugar de la Masacre de Los Surgentes.<\/p>\n\n\n\n<p>A partir de la Sanci\u00f3n de Legislatura de la Provincia de C\u00f3rdoba declar\u00e1ndola parte del patrimonio hist\u00f3rico de la Provincia, el Legislador Daniel Passerini (PJ), autor del proyecto, dijo al momento de fundamentar la Ley que \u201ces indispensable reflexionar sobre la importancia fundamental de hechos del pasado reciente para interpretar nuestras actuales contradicciones, para seguir luchando por una patria justa, libre y soberana, para defender nuestras libertades y comprometernos todos los d\u00edas con el sistema democr\u00e1tico\u201d sostuvo.<\/p>\n\n\n\n<figure class=\"wp-block-image size-large\"><img fetchpriority=\"high\" decoding=\"async\" width=\"2176\" height=\"1500\" src=\"https:\/\/lossurgentes.gob.ar\/home\/wp-content\/uploads\/2020\/07\/espacio-de-la-memoria-1.jpg\" alt=\"\" class=\"wp-image-5837\"\/><\/figure>\n\n\n\n<p>Este proyecto surge a partir de un trabajo de investigaci\u00f3n que llevaron adelante un grupo de alumnos de Tercer A\u00f1o del Instituto Secundario Presb\u00edtero Castoldi, de Los Surgentes: \u201cEste trabajo realizado por docentes y alumnos, a trav\u00e9s del ejercicio de la memoria activa para la reconstrucci\u00f3n de la historia real, merece todo nuestro reconocimiento y nos marca claramente que en nuestra sociedad se arraiga cada vez m\u00e1s el compromiso con la defensa de los derechos humanos y el repudio al terrorismo de estado y a la violencia genocida en cualquiera de sus formas y manifestaciones\u201d.<\/p>\n\n\n\n<p>\u201cEl trabajo de investigaci\u00f3n llevado adelante por la docente Nancy Marino y los alumnos permiti\u00f3 recrear valiosos testimonios, como el del agente de polic\u00eda que debi\u00f3 trasladar los cuerpos sin vida a la comisar\u00eda local, el m\u00e9dico que dej\u00f3 constancia de la muerte de los j\u00f3venes, el comisionista que traslad\u00f3 los cuerpos a la ciudad de C\u00f3rdoba, hechos que permitieron aportar informaci\u00f3n a la causa \u201cD\u00edaz Bessone\u201d que se sustancia actualmente en Rosario, y reconstruir una historia silenciada por la muerte y por los a\u00f1os\u201d resalt\u00f3.<\/p>\n\n\n\n<p>\u201cLazos de Identidad\u201d. En 2010, alumnos de 3\u00ba A\u00f1o del Instituto Privado Diocesano \u201cPbro. Emilio Castoldi, de Los Surgentes, comenzaron a indagar sobre lo ocurrido y, a partir de all\u00ed y de varios testimonios de vecinos de la localidad, elaboraron un Proyecto de Ordenanza que despu\u00e9s fue acompa\u00f1ado por los concejales de esa ciudad.<\/p>\n\n\n\n<figure class=\"wp-block-image size-large\"><img decoding=\"async\" width=\"2143\" height=\"1492\" src=\"https:\/\/lossurgentes.gob.ar\/home\/wp-content\/uploads\/2020\/07\/espacio-de-la-memoria-2.jpg\" alt=\"\" class=\"wp-image-5838\"\/><\/figure>\n\n\n\n<p>A ra\u00edz de esa iniciativa estudiantil, la Municipalidad de Los Surgentes promulg\u00f3 luego la Ordenanza N\u00ba 132, del 22 de Octubre de 2010, que declar\u00f3 de \u201cInter\u00e9s Municipal\u201d el proyecto denominado \u201cLazos de Identidad\u201d elaborado por los alumnos.<\/p>\n\n\n\n<p>Esa misma Ordenanza declar\u00f3 tambi\u00e9n \u201cLugar Hist\u00f3rico\u201d al sito en que fueron hallados los cuerpos sin vida de estas siete j\u00f3venes v\u00edctimas. Adem\u00e1s, se dispuso la colocaci\u00f3n de una placa recordatoria en el lugar indicado y la plantaci\u00f3n de 7 \u00e1rboles sobre la margen del camino en donde fueron hallados los cuerpos. La actividad escolar trascendi\u00f3 al establecimiento y moviliz\u00f3 a toda la comunidad que recordaba el hecho como uno de los m\u00e1s tristes de su historia.<\/p>\n\n\n\n<p>\u201cMasacre de Los Surgentes\u201d. El 17 de Octubre de 1976 fueron encontrados en un camino rural de Los Surgentes los cuerpos sin vida de 7 j\u00f3venes secuestrados por el Servicio de informaciones de la Jefatura de Polic\u00eda de Rosario, luego sacados por personal policial de esa Unidad y llevados a territorio de la Provincia de C\u00f3rdoba donde fueron asesinados.<\/p>\n\n\n\n<p>Las 7 v\u00edctimas fueron:<\/p>\n\n\n\n<ul class=\"wp-block-list\"><li>Cristina Constanzo<\/li><li>Mar\u00eda Cristina M\u00e1rquez<\/li><li>Anal\u00eda Murguiondo<\/li><li>Daniel Oscar Barjacoba<\/li><li>Sergio Abdo Jalil<\/li><li>Eduardo Felipe Laus<\/li><li>Jos\u00e9 Antonio Oyarz\u00e1bal<\/li><\/ul>\n\n\n\n<p>El grupo de trabajo \u201cMemorias Surgentes\u201d gestion\u00f3 ante la municipalidad la realizaci\u00f3n de un monolito y cartel recordatorio para ser colocado en el \u201cComplejo del Centenario\u201d con la intenci\u00f3n de que exista dentro de la localidad un espacio para la Memoria que recuerde los hechos acaecidos el 17 de Octubre de 1976 con una presencia continua, en un lugar de tanta actividad cultural, donde los j\u00f3venes sobre todo pudieran tener presente el valor de la Democracia.<\/p>\n\n\n\n<p>Este Monolito lleva el dise\u00f1o lleva una imagen representativa de los hechos cuyo dise\u00f1o fue realizado por la Profesora de Bellas Artes Gabriela Ferroni, donde se pueden observar siete rostros entrelazados con expresiones de asombro, tristeza, olvido, dolor, etc. emociones que nos evocan aquel tiempo donde nuestros derechos fueron absolutamente menguados.<\/p>\n\n\n\n<figure class=\"wp-block-image size-large\"><img decoding=\"async\" width=\"638\" height=\"960\" src=\"https:\/\/lossurgentes.gob.ar\/home\/wp-content\/uploads\/2020\/07\/espacio-de-la-memoria-3.jpg\" alt=\"\" class=\"wp-image-5839\"\/><\/figure>\n","protected":false},"excerpt":{"rendered":"<p>La Masacre de Los Surgentes Este sitio, tristemente conocido por los acontecimientos de 1976, donde fueron acribillados 7 j\u00f3venes pas\u00f3 a la historia como lugar&hellip;<\/p>\n","protected":false},"author":4,"featured_media":5837,"comment_status":"open","ping_status":"open","sticky":false,"template":"","format":"standard","meta":{"_monsterinsights_skip_tracking":false,"_monsterinsights_sitenote_active":false,"_monsterinsights_sitenote_note":"","_monsterinsights_sitenote_category":0,"_joinchat":[],"footnotes":""},"categories":[113],"tags":[],"class_list":["post-5836","post","type-post","status-publish","format-standard","has-post-thumbnail","hentry","category-historia"],"aioseo_notices":[],"_links":{"self":[{"href":"https:\/\/lossurgentes.gob.ar\/home\/wp-json\/wp\/v2\/posts\/5836","targetHints":{"allow":["GET"]}}],"collection":[{"href":"https:\/\/lossurgentes.gob.ar\/home\/wp-json\/wp\/v2\/posts"}],"about":[{"href":"https:\/\/lossurgentes.gob.ar\/home\/wp-json\/wp\/v2\/types\/post"}],"author":[{"embeddable":true,"href":"https:\/\/lossurgentes.gob.ar\/home\/wp-json\/wp\/v2\/users\/4"}],"replies":[{"embeddable":true,"href":"https:\/\/lossurgentes.gob.ar\/home\/wp-json\/wp\/v2\/comments?post=5836"}],"version-history":[{"count":1,"href":"https:\/\/lossurgentes.gob.ar\/home\/wp-json\/wp\/v2\/posts\/5836\/revisions"}],"predecessor-version":[{"id":5840,"href":"https:\/\/lossurgentes.gob.ar\/home\/wp-json\/wp\/v2\/posts\/5836\/revisions\/5840"}],"wp:featuredmedia":[{"embeddable":true,"href":"https:\/\/lossurgentes.gob.ar\/home\/wp-json\/wp\/v2\/media\/5837"}],"wp:attachment":[{"href":"https:\/\/lossurgentes.gob.ar\/home\/wp-json\/wp\/v2\/media?parent=5836"}],"wp:term":[{"taxonomy":"category","embeddable":true,"href":"https:\/\/lossurgentes.gob.ar\/home\/wp-json\/wp\/v2\/categories?post=5836"},{"taxonomy":"post_tag","embeddable":true,"href":"https:\/\/lossurgentes.gob.ar\/home\/wp-json\/wp\/v2\/tags?post=5836"}],"curies":[{"name":"wp","href":"https:\/\/api.w.org\/{rel}","templated":true}]}}