{"id":5145,"date":"2020-04-02T23:29:34","date_gmt":"2020-04-02T23:29:34","guid":{"rendered":"https:\/\/lossurgentes.gob.ar\/home\/?p=5145"},"modified":"2020-04-04T14:50:34","modified_gmt":"2020-04-04T14:50:34","slug":"crisis-covid-19","status":"publish","type":"post","link":"https:\/\/lossurgentes.gob.ar\/home\/crisis-covid-19\/","title":{"rendered":"CRISIS COVID-19"},"content":{"rendered":"<a href=\"https:\/\/lossurgentes.gob.ar\/home\/wp-content\/uploads\/2020\/04\/Acciones-Coronavirus-Fondo-solidario-56-PUNTOS.docx-2.pdf\" class=\"pdfemb-viewer\" style=\"\" data-width=\"max\" data-height=\"max\" data-mobile-width=\"500\"  data-scrollbar=\"none\" data-download=\"on\" data-tracking=\"on\" data-newwindow=\"on\" data-pagetextbox=\"off\" data-scrolltotop=\"off\" data-startzoom=\"100\" data-startfpzoom=\"100\" data-toolbar=\"bottom\" data-toolbar-fixed=\"off\">Acciones-Coronavirus-Fondo-solidario-56-PUNTOS.docx-2<br\/><\/a>\n<p class=\"wp-block-pdfemb-pdf-embedder-viewer\"><\/p>\n\n\n\n<p>REUNI\u00d3N EXTRAORDINARIA CON EL H.C.D.<\/p>\n\n\n\n<p>En horas de la tarde la Intendenta\nPaula C\u00f3rdoba junto al Secretario de Gobierno Leandro Papa se reunieron de\nmanera extraordinaria (guardando las medidas sanitarias que exige el\ndistanciamiento social) con el Honorable Concejo Deliberante donde se trataron\nlos siguientes temas: <\/p>\n\n\n\n<ul class=\"wp-block-list\"><li>Exposici\u00f3n de un documento que surge como\nresultado de las acciones realizadas para hacer frente a la CRISIS COVID-19,\ndonde se exponen 56 puntos que representan diferentes medidas que se fueron\ntomando a lo largo de estos primeros 14 d\u00edas de cuarentena. Los resultados han\nsido excelentes, ganamos tiempo porque las medidas fueron tomadas a tiempo. Estamos\nagradecidos con la respuesta de la comunidad y firmes en las decisiones con aquel\nm\u00ednimo porcentaje de poblaci\u00f3n que a\u00fan evade su responsabilidad social frente\nal virus. <\/li><li>Ratificaci\u00f3n el Proyecto de Ordenanza para la\ncreaci\u00f3n de Fondo Solidario para Emergencias Sanitarias cuya recaudaci\u00f3n\ntambi\u00e9n se encuentra en el mencionado documento. <\/li><li>Donaci\u00f3n, en el mes de Abril, del 30% de los\nsueldos del personal de planta pol\u00edtica (Intendenta y Secretarios) con destino\nal Fondo Solidario de Emergencias Sanitarias.<\/li><\/ul>\n\n\n\n<p>AL VIRUS LO FRENAMOS ENTRE TODOS<\/p>\n\n\n","protected":false},"excerpt":{"rendered":"<p>REUNI\u00d3N EXTRAORDINARIA CON EL H.C.D. En horas de la tarde la Intendenta Paula C\u00f3rdoba junto al Secretario de Gobierno Leandro Papa se reunieron de manera&hellip;<\/p>\n","protected":false},"author":4,"featured_media":5147,"comment_status":"open","ping_status":"open","sticky":false,"template":"","format":"standard","meta":{"_monsterinsights_skip_tracking":false,"_monsterinsights_sitenote_active":false,"_monsterinsights_sitenote_note":"","_monsterinsights_sitenote_category":0,"_joinchat":[],"footnotes":""},"categories":[111],"tags":[96],"class_list":["post-5145","post","type-post","status-publish","format-standard","has-post-thumbnail","hentry","category-coronavirus","tag-banner"],"aioseo_notices":[],"_links":{"self":[{"href":"https:\/\/lossurgentes.gob.ar\/home\/wp-json\/wp\/v2\/posts\/5145","targetHints":{"allow":["GET"]}}],"collection":[{"href":"https:\/\/lossurgentes.gob.ar\/home\/wp-json\/wp\/v2\/posts"}],"about":[{"href":"https:\/\/lossurgentes.gob.ar\/home\/wp-json\/wp\/v2\/types\/post"}],"author":[{"embeddable":true,"href":"https:\/\/lossurgentes.gob.ar\/home\/wp-json\/wp\/v2\/users\/4"}],"replies":[{"embeddable":true,"href":"https:\/\/lossurgentes.gob.ar\/home\/wp-json\/wp\/v2\/comments?post=5145"}],"version-history":[{"count":3,"href":"https:\/\/lossurgentes.gob.ar\/home\/wp-json\/wp\/v2\/posts\/5145\/revisions"}],"predecessor-version":[{"id":5153,"href":"https:\/\/lossurgentes.gob.ar\/home\/wp-json\/wp\/v2\/posts\/5145\/revisions\/5153"}],"wp:featuredmedia":[{"embeddable":true,"href":"https:\/\/lossurgentes.gob.ar\/home\/wp-json\/wp\/v2\/media\/5147"}],"wp:attachment":[{"href":"https:\/\/lossurgentes.gob.ar\/home\/wp-json\/wp\/v2\/media?parent=5145"}],"wp:term":[{"taxonomy":"category","embeddable":true,"href":"https:\/\/lossurgentes.gob.ar\/home\/wp-json\/wp\/v2\/categories?post=5145"},{"taxonomy":"post_tag","embeddable":true,"href":"https:\/\/lossurgentes.gob.ar\/home\/wp-json\/wp\/v2\/tags?post=5145"}],"curies":[{"name":"wp","href":"https:\/\/api.w.org\/{rel}","templated":true}]}}