{"id":5136,"date":"2020-04-01T19:44:03","date_gmt":"2020-04-01T19:44:03","guid":{"rendered":"https:\/\/lossurgentes.gob.ar\/home\/?p=5136"},"modified":"2020-04-01T20:11:02","modified_gmt":"2020-04-01T20:11:02","slug":"centro-de-operaciones-de-emergencias-regional","status":"publish","type":"post","link":"https:\/\/lossurgentes.gob.ar\/home\/centro-de-operaciones-de-emergencias-regional\/","title":{"rendered":"CENTRO DE OPERACIONES DE EMERGENCIAS REGIONAL"},"content":{"rendered":"\n<figure class=\"wp-block-image size-large\"><img fetchpriority=\"high\" decoding=\"async\" width=\"502\" height=\"720\" src=\"https:\/\/lossurgentes.gob.ar\/home\/wp-content\/uploads\/2020\/04\/CENTRO-DE-OPERACIONES-CORDOBA-1.jpg\" alt=\"\" class=\"wp-image-5139\"\/><\/figure>\n\n\n<a href=\"https:\/\/lossurgentes.gob.ar\/home\/wp-content\/uploads\/2020\/04\/Protocolo-Organizacio\u0301n-COE-Provincia-Completo.pdf\" class=\"pdfemb-viewer\" style=\"\" data-width=\"max\" data-height=\"max\" data-mobile-width=\"500\"  data-scrollbar=\"none\" data-download=\"on\" data-tracking=\"on\" data-newwindow=\"on\" data-pagetextbox=\"off\" data-scrolltotop=\"off\" data-startzoom=\"100\" data-startfpzoom=\"100\" data-toolbar=\"bottom\" data-toolbar-fixed=\"off\">Protocolo-Organizacio\u0301n-COE-Provincia-Completo<br\/><\/a>\n<p class=\"wp-block-pdfemb-pdf-embedder-viewer\"><\/p>\n\n\n\n<p> El COE de Villa Mar\u00eda  comienza a operar en la provincia para brindar apoyo a los departamentos de Marcos Ju\u00e1rez, Tercero Arriba, Uni\u00f3n y General San Mart\u00edn, representando a casi un centenar de localidades. <\/p>\n\n\n\n<p>Nuestro pueblo pertenece a este Centro que interactuar\u00e1 con el Hospital Municipal y estar\u00e1 dotado con la tecnolog\u00eda necesaria en caso de haber posibles infectados. <\/p>\n\n\n\n<p>En el Pdf adjunto, te contamos c\u00f3mo funcionar\u00e1.<\/p>\n","protected":false},"excerpt":{"rendered":"<p>El COE de Villa Mar\u00eda comienza a operar en la provincia para brindar apoyo a los departamentos de Marcos Ju\u00e1rez, Tercero Arriba, Uni\u00f3n y General&hellip;<\/p>\n","protected":false},"author":4,"featured_media":5139,"comment_status":"open","ping_status":"open","sticky":false,"template":"","format":"standard","meta":{"_monsterinsights_skip_tracking":false,"_monsterinsights_sitenote_active":false,"_monsterinsights_sitenote_note":"","_monsterinsights_sitenote_category":0,"_joinchat":[],"footnotes":""},"categories":[111],"tags":[96],"class_list":["post-5136","post","type-post","status-publish","format-standard","has-post-thumbnail","hentry","category-coronavirus","tag-banner"],"aioseo_notices":[],"_links":{"self":[{"href":"https:\/\/lossurgentes.gob.ar\/home\/wp-json\/wp\/v2\/posts\/5136","targetHints":{"allow":["GET"]}}],"collection":[{"href":"https:\/\/lossurgentes.gob.ar\/home\/wp-json\/wp\/v2\/posts"}],"about":[{"href":"https:\/\/lossurgentes.gob.ar\/home\/wp-json\/wp\/v2\/types\/post"}],"author":[{"embeddable":true,"href":"https:\/\/lossurgentes.gob.ar\/home\/wp-json\/wp\/v2\/users\/4"}],"replies":[{"embeddable":true,"href":"https:\/\/lossurgentes.gob.ar\/home\/wp-json\/wp\/v2\/comments?post=5136"}],"version-history":[{"count":1,"href":"https:\/\/lossurgentes.gob.ar\/home\/wp-json\/wp\/v2\/posts\/5136\/revisions"}],"predecessor-version":[{"id":5140,"href":"https:\/\/lossurgentes.gob.ar\/home\/wp-json\/wp\/v2\/posts\/5136\/revisions\/5140"}],"wp:featuredmedia":[{"embeddable":true,"href":"https:\/\/lossurgentes.gob.ar\/home\/wp-json\/wp\/v2\/media\/5139"}],"wp:attachment":[{"href":"https:\/\/lossurgentes.gob.ar\/home\/wp-json\/wp\/v2\/media?parent=5136"}],"wp:term":[{"taxonomy":"category","embeddable":true,"href":"https:\/\/lossurgentes.gob.ar\/home\/wp-json\/wp\/v2\/categories?post=5136"},{"taxonomy":"post_tag","embeddable":true,"href":"https:\/\/lossurgentes.gob.ar\/home\/wp-json\/wp\/v2\/tags?post=5136"}],"curies":[{"name":"wp","href":"https:\/\/api.w.org\/{rel}","templated":true}]}}