{"id":5131,"date":"2020-04-01T19:09:07","date_gmt":"2020-04-01T19:09:07","guid":{"rendered":"https:\/\/lossurgentes.gob.ar\/home\/?p=5131"},"modified":"2020-04-01T19:26:03","modified_gmt":"2020-04-01T19:26:03","slug":"protocolo-para-transporte","status":"publish","type":"post","link":"https:\/\/lossurgentes.gob.ar\/home\/protocolo-para-transporte\/","title":{"rendered":"PROTOCOLO PARA TRANSPORTE"},"content":{"rendered":"<a href=\"https:\/\/lossurgentes.gob.ar\/home\/wp-content\/uploads\/2020\/04\/PROTOCOLO-PARA-TRANSPORTE-DE-CEREAL.pdf\" class=\"pdfemb-viewer\" style=\"\" data-width=\"max\" data-height=\"max\" data-mobile-width=\"500\"  data-scrollbar=\"none\" data-download=\"on\" data-tracking=\"on\" data-newwindow=\"on\" data-pagetextbox=\"off\" data-scrolltotop=\"off\" data-startzoom=\"100\" data-startfpzoom=\"100\" data-toolbar=\"bottom\" data-toolbar-fixed=\"off\">PROTOCOLO-PARA-TRANSPORTE-DE-CEREAL<br\/><\/a>\n<p class=\"wp-block-pdfemb-pdf-embedder-viewer\"><\/p>\n\n\n\n<p>Compartimos el Protocolo para Transporte donde se especifican las medidas de cuidado extremo que habr\u00e1n de tener los camioneros en el campo, en el acopio, en las oficinas de transporte as\u00ed como tambi\u00e9n  en la ruta, como estaciones de servicios, comedores y gomer\u00edas. Pod\u00e9s descargar tu PDF y llevar tu copia en el cami\u00f3n.<\/p>\n\n\n\n<p>Gracias por formar parte de quienes est\u00e1n tan expuestos en esta lucha, asegurando que los alimentos y todos los elementos b\u00e1sicos lleguen a tiempo para evitar el desabastecimiento.<\/p>\n\n\n\n<p>Cuidate y cuida a los dem\u00e1s.<\/p>\n","protected":false},"excerpt":{"rendered":"<p>Compartimos el Protocolo para Transporte donde se especifican las medidas de cuidado extremo que habr\u00e1n de tener los camioneros en el campo, en el acopio,&hellip;<\/p>\n","protected":false},"author":4,"featured_media":5135,"comment_status":"open","ping_status":"open","sticky":false,"template":"","format":"standard","meta":{"_monsterinsights_skip_tracking":false,"_monsterinsights_sitenote_active":false,"_monsterinsights_sitenote_note":"","_monsterinsights_sitenote_category":0,"_joinchat":[],"footnotes":""},"categories":[111],"tags":[96],"class_list":["post-5131","post","type-post","status-publish","format-standard","has-post-thumbnail","hentry","category-coronavirus","tag-banner"],"aioseo_notices":[],"_links":{"self":[{"href":"https:\/\/lossurgentes.gob.ar\/home\/wp-json\/wp\/v2\/posts\/5131","targetHints":{"allow":["GET"]}}],"collection":[{"href":"https:\/\/lossurgentes.gob.ar\/home\/wp-json\/wp\/v2\/posts"}],"about":[{"href":"https:\/\/lossurgentes.gob.ar\/home\/wp-json\/wp\/v2\/types\/post"}],"author":[{"embeddable":true,"href":"https:\/\/lossurgentes.gob.ar\/home\/wp-json\/wp\/v2\/users\/4"}],"replies":[{"embeddable":true,"href":"https:\/\/lossurgentes.gob.ar\/home\/wp-json\/wp\/v2\/comments?post=5131"}],"version-history":[{"count":1,"href":"https:\/\/lossurgentes.gob.ar\/home\/wp-json\/wp\/v2\/posts\/5131\/revisions"}],"predecessor-version":[{"id":5134,"href":"https:\/\/lossurgentes.gob.ar\/home\/wp-json\/wp\/v2\/posts\/5131\/revisions\/5134"}],"wp:featuredmedia":[{"embeddable":true,"href":"https:\/\/lossurgentes.gob.ar\/home\/wp-json\/wp\/v2\/media\/5135"}],"wp:attachment":[{"href":"https:\/\/lossurgentes.gob.ar\/home\/wp-json\/wp\/v2\/media?parent=5131"}],"wp:term":[{"taxonomy":"category","embeddable":true,"href":"https:\/\/lossurgentes.gob.ar\/home\/wp-json\/wp\/v2\/categories?post=5131"},{"taxonomy":"post_tag","embeddable":true,"href":"https:\/\/lossurgentes.gob.ar\/home\/wp-json\/wp\/v2\/tags?post=5131"}],"curies":[{"name":"wp","href":"https:\/\/api.w.org\/{rel}","templated":true}]}}