{"id":5004,"date":"2020-03-17T12:28:47","date_gmt":"2020-03-17T12:28:47","guid":{"rendered":"https:\/\/lossurgentes.gob.ar\/home\/?p=5004"},"modified":"2020-03-23T13:00:07","modified_gmt":"2020-03-23T13:00:07","slug":"semana-de-la-memoria","status":"publish","type":"post","link":"https:\/\/lossurgentes.gob.ar\/home\/semana-de-la-memoria\/","title":{"rendered":"SEMANA DE LA MEMORIA"},"content":{"rendered":"\n<p>En funci\u00f3n de la conmemoraci\u00f3n del 24 de Marzo, d\u00eda de la Memoria por la Verdad y la Justicia, la Secretar\u00eda de Cultura y Educaci\u00f3n junto al Grupo de Trabajo Memorias Surgentes ten\u00edan organizada una serie de actividades en a desarrollarse entre los d\u00edas 17 al 27 de Marzo. <\/p>\n\n\n\n<p>Tras conocerse las medidas preventivas para evitar la propagaci\u00f3n del Coronavirus, las actividades se suspender\u00e1n, en algunos casos para el a\u00f1o pr\u00f3ximo y en otros sufrir\u00e1n reprogramaci\u00f3n. Una de ellas era visitar las Instituciones de la localidad llevando para todo el personal un prendedor muy significativo, un clavel rojo confeccionado por el Taller de Tejidos que funciona en el Centro Cultural. El domingo 8 de marzo, ellas participaron de  la muestra #MujeresQueHacen tejiendo estos prendedores. Los tendremos a resguardo para el a\u00f1o pr\u00f3ximo. Les agradecemos su generosidad.<\/p>\n\n\n\n<figure class=\"wp-block-image size-large\"><img fetchpriority=\"high\" decoding=\"async\" width=\"1280\" height=\"960\" src=\"https:\/\/lossurgentes.gob.ar\/home\/wp-content\/uploads\/2020\/03\/claveles-rojos.jpg\" alt=\"\" class=\"wp-image-5005\"\/><\/figure>\n\n\n\n<p>\u00bfPor qu\u00e9 claveles rojos? Esta era la pregunta que quer\u00edamos arrancar en la ciudadan\u00eda. Y la respuesta es: Los claveles rojos son un s\u00edmbolo de la no violencia y de paz. Son la memoria de los desaparecidos y asesinados que perdura en nuestras acciones colectivas. Flores que viven y siguen creciendo en nuestros lugares cotidianos y florecen en un jard\u00edn donde habitamos la memoria colectiva. La propuesta habr\u00eda sido: \u00abEn la Semana de la memoria, que las calles sean una marea de claves rojos en alto, en los uniformes, en los guardapolvos, en las vidrieras, en las redes\u2026en la vida!<\/p>\n\n\n\n<p>Tampoco podr\u00e1 realizarse la  colocaci\u00f3n de un ramo de flores, el d\u00eda 24 de Marzo, en nuestro monolito de la Memoria, ubicado sobre el camino de ingreso al Complejo del Centenario Rogelio Vaccarini. <\/p>\n\n\n\n<p><\/p>\n\n\n\n<p><\/p>\n\n\n\n<figure class=\"wp-block-image size-large\"><img decoding=\"async\" width=\"960\" height=\"540\" src=\"https:\/\/lossurgentes.gob.ar\/home\/wp-content\/uploads\/2020\/03\/Monolito-Memoria-Verdad-y-Justicia.jpg\" alt=\"\" class=\"wp-image-5006\"\/><\/figure>\n\n\n\n<p>Otra actividad, prevista para el d\u00eda 25 era la visita del Sr. Mario Navarro, nieto recuperado N\u00b0 119, quien dar\u00eda una charla en el Instituto Secundario Pbro. Emilio Castoldi, invitando adem\u00e1s a los alumnos de 6\u00b0 grado de la Escuela Primaria. En este caso, se reprogramar\u00e1 para m\u00e1s adelante, cuando se retome la actividad escolar, que se encuentra suspendida hasta el 31 de Marzo. <\/p>\n\n\n\n<p>Apelando a la tecnolog\u00eda, Navarro dar\u00e1 una nota en la Radio Municipal el mi\u00e9rcoles 25 de marzo, a partir de las 9:00 hs, donde de manera telef\u00f3nica, podr\u00e1 relatar su historia de vida al programa CDN (Centro de Noticias) que conduce Rub\u00e9n Riba y Norma Vitale. La 88.3 tendr\u00e1 su bloque especial junto a Mario, oriundo de Las Rosas, quien pudo recuperar su identidad al acercarse a Abuelas de Plaza de Mayo y adem\u00e1s la vida le dio la oportunidad de encontrar a su madre, quien vive en Tucum\u00e1n.<\/p>\n\n\n\n<p>Confiamos en que la sociedad podr\u00e1 hacer un espacio para la MEMORIA, para seguir sosteniendo la lucha por la Verdad y la Justicia, no ajenos a la situaci\u00f3n de Pandemia por la que estamos pasando. De all\u00ed que las redes sociales, nuestra Web, y los medios de comunicaci\u00f3n ser\u00e1n ese lugar de reflexi\u00f3n, entre quienes est\u00e9n en casa. <\/p>\n\n\n\n<figure class=\"wp-block-image size-large\"><img decoding=\"async\" width=\"756\" height=\"960\" src=\"https:\/\/lossurgentes.gob.ar\/home\/wp-content\/uploads\/2020\/03\/Mario-Navarro-y-su-mam\u00e1.jpg\" alt=\"\" class=\"wp-image-5007\"\/><\/figure>\n","protected":false},"excerpt":{"rendered":"<p>En funci\u00f3n de la conmemoraci\u00f3n del 24 de Marzo, d\u00eda de la Memoria por la Verdad y la Justicia, la Secretar\u00eda de Cultura y Educaci\u00f3n&hellip;<\/p>\n","protected":false},"author":4,"featured_media":5009,"comment_status":"open","ping_status":"open","sticky":false,"template":"","format":"standard","meta":{"_monsterinsights_skip_tracking":false,"_monsterinsights_sitenote_active":false,"_monsterinsights_sitenote_note":"","_monsterinsights_sitenote_category":0,"_joinchat":[],"footnotes":""},"categories":[91],"tags":[96],"class_list":["post-5004","post","type-post","status-publish","format-standard","has-post-thumbnail","hentry","category-noticias","tag-banner"],"aioseo_notices":[],"_links":{"self":[{"href":"https:\/\/lossurgentes.gob.ar\/home\/wp-json\/wp\/v2\/posts\/5004","targetHints":{"allow":["GET"]}}],"collection":[{"href":"https:\/\/lossurgentes.gob.ar\/home\/wp-json\/wp\/v2\/posts"}],"about":[{"href":"https:\/\/lossurgentes.gob.ar\/home\/wp-json\/wp\/v2\/types\/post"}],"author":[{"embeddable":true,"href":"https:\/\/lossurgentes.gob.ar\/home\/wp-json\/wp\/v2\/users\/4"}],"replies":[{"embeddable":true,"href":"https:\/\/lossurgentes.gob.ar\/home\/wp-json\/wp\/v2\/comments?post=5004"}],"version-history":[{"count":3,"href":"https:\/\/lossurgentes.gob.ar\/home\/wp-json\/wp\/v2\/posts\/5004\/revisions"}],"predecessor-version":[{"id":5054,"href":"https:\/\/lossurgentes.gob.ar\/home\/wp-json\/wp\/v2\/posts\/5004\/revisions\/5054"}],"wp:featuredmedia":[{"embeddable":true,"href":"https:\/\/lossurgentes.gob.ar\/home\/wp-json\/wp\/v2\/media\/5009"}],"wp:attachment":[{"href":"https:\/\/lossurgentes.gob.ar\/home\/wp-json\/wp\/v2\/media?parent=5004"}],"wp:term":[{"taxonomy":"category","embeddable":true,"href":"https:\/\/lossurgentes.gob.ar\/home\/wp-json\/wp\/v2\/categories?post=5004"},{"taxonomy":"post_tag","embeddable":true,"href":"https:\/\/lossurgentes.gob.ar\/home\/wp-json\/wp\/v2\/tags?post=5004"}],"curies":[{"name":"wp","href":"https:\/\/api.w.org\/{rel}","templated":true}]}}