{"id":3840,"date":"2019-11-14T22:53:46","date_gmt":"2019-11-14T22:53:46","guid":{"rendered":"https:\/\/lossurgentes.gob.ar\/home\/?p=3840"},"modified":"2019-11-14T22:57:04","modified_gmt":"2019-11-14T22:57:04","slug":"alvaro-pallamares-estara-en-los-surgentes","status":"publish","type":"post","link":"https:\/\/lossurgentes.gob.ar\/home\/alvaro-pallamares-estara-en-los-surgentes\/","title":{"rendered":"\u00c1lvaro Pallamares estar\u00e1 en Los Surgentes"},"content":{"rendered":"\n<p>El reconocido Psic\u00f3logo Chilena \u00c1lvaro Pallamares junto a Fundaci\u00f3n Am\u00e9rica por la Infancia y el Centro de Intervenci\u00f3n Temprana brindar\u00e1n una charla abierta a toda la comunidad<\/p>\n\n\n\n<p><\/p>\n\n\n\n<p>Contaremos con la presencia del Psic\u00f3logo \u00c1lvaro Pallamares en la localidad de &nbsp;Los Surgentes, co-fundador de la Fundaci\u00f3n Am\u00e9rica por la Infancia, quien &nbsp;realizar\u00e1 una charla abierta a toda la comunidad (destinada principalmente a padres y madres, cuidadores, docentes y profesionales de la Salud), el d\u00eda 19 de Noviembre de 2019, en el marco del 108\u00b0 Aniversario de la localidad, de manera gratuita y con entrega de certificado de participaci\u00f3n en el Marco de la Universidad Popular Los Surgentes.<\/p>\n\n\n\n<figure class=\"wp-block-image\"><img fetchpriority=\"high\" decoding=\"async\" width=\"1080\" height=\"1340\" src=\"https:\/\/lossurgentes.gob.ar\/home\/wp-content\/uploads\/2019\/11\/191114-Placa-Charla-FAI-Interes-municipal-1.png\" alt=\"\" class=\"wp-image-3841\"\/><\/figure>\n","protected":false},"excerpt":{"rendered":"<p>El reconocido Psic\u00f3logo Chilena \u00c1lvaro Pallamares junto a Fundaci\u00f3n Am\u00e9rica por la Infancia y el Centro de Intervenci\u00f3n Temprana brindar\u00e1n una charla abierta a toda&hellip;<\/p>\n","protected":false},"author":4,"featured_media":3843,"comment_status":"open","ping_status":"open","sticky":false,"template":"","format":"standard","meta":{"_monsterinsights_skip_tracking":false,"_monsterinsights_sitenote_active":false,"_monsterinsights_sitenote_note":"","_monsterinsights_sitenote_category":0,"_joinchat":[],"footnotes":""},"categories":[100,91],"tags":[],"class_list":["post-3840","post","type-post","status-publish","format-standard","has-post-thumbnail","hentry","category-cultura-y-educacion","category-noticias"],"aioseo_notices":[],"_links":{"self":[{"href":"https:\/\/lossurgentes.gob.ar\/home\/wp-json\/wp\/v2\/posts\/3840","targetHints":{"allow":["GET"]}}],"collection":[{"href":"https:\/\/lossurgentes.gob.ar\/home\/wp-json\/wp\/v2\/posts"}],"about":[{"href":"https:\/\/lossurgentes.gob.ar\/home\/wp-json\/wp\/v2\/types\/post"}],"author":[{"embeddable":true,"href":"https:\/\/lossurgentes.gob.ar\/home\/wp-json\/wp\/v2\/users\/4"}],"replies":[{"embeddable":true,"href":"https:\/\/lossurgentes.gob.ar\/home\/wp-json\/wp\/v2\/comments?post=3840"}],"version-history":[{"count":3,"href":"https:\/\/lossurgentes.gob.ar\/home\/wp-json\/wp\/v2\/posts\/3840\/revisions"}],"predecessor-version":[{"id":3845,"href":"https:\/\/lossurgentes.gob.ar\/home\/wp-json\/wp\/v2\/posts\/3840\/revisions\/3845"}],"wp:featuredmedia":[{"embeddable":true,"href":"https:\/\/lossurgentes.gob.ar\/home\/wp-json\/wp\/v2\/media\/3843"}],"wp:attachment":[{"href":"https:\/\/lossurgentes.gob.ar\/home\/wp-json\/wp\/v2\/media?parent=3840"}],"wp:term":[{"taxonomy":"category","embeddable":true,"href":"https:\/\/lossurgentes.gob.ar\/home\/wp-json\/wp\/v2\/categories?post=3840"},{"taxonomy":"post_tag","embeddable":true,"href":"https:\/\/lossurgentes.gob.ar\/home\/wp-json\/wp\/v2\/tags?post=3840"}],"curies":[{"name":"wp","href":"https:\/\/api.w.org\/{rel}","templated":true}]}}