{"id":3545,"date":"2019-08-05T11:39:42","date_gmt":"2019-08-05T11:39:42","guid":{"rendered":"https:\/\/lossurgentes.gob.ar\/home\/?p=3545"},"modified":"2019-08-06T12:15:30","modified_gmt":"2019-08-06T12:15:30","slug":"finalizo-el-curso-de-diseno-e-impresion-3d","status":"publish","type":"post","link":"https:\/\/lossurgentes.gob.ar\/home\/finalizo-el-curso-de-diseno-e-impresion-3d\/","title":{"rendered":"FINALIZ\u00d3 EL CURSO DE DISE\u00d1O E IMPRESI\u00d3N 3D"},"content":{"rendered":"\n<p>El curso de Dise\u00f1o e Impresi\u00f3n 3D llega a su fin, pero lo que no termina es el compromiso social de sus alumnos al ser Embajadores de la Organizaci\u00f3n ATOMIC LAB. <\/p>\n\n\n\n<figure class=\"wp-block-image\"><img fetchpriority=\"high\" decoding=\"async\" width=\"960\" height=\"720\" src=\"https:\/\/lossurgentes.gob.ar\/home\/wp-content\/uploads\/2019\/08\/Dise\u00f1o-3d.jpg\" alt=\"\" class=\"wp-image-3546\" \/><figcaption>La Intendenta Paula C\u00f3rdoba junto al Profesor Jos\u00e9 Manuel Campos y el Sec. Leandro Papa<\/figcaption><\/figure>\n\n\n\n<p>El curso de Dise\u00f1o e Impresi\u00f3n 3D\nllega a su fin, pero lo que no termina es el compromiso social de sus alumnos\nal ser Embajadores de la Organizaci\u00f3n ATOMIC LAB.<\/p>\n\n\n\n<p>Hacemos un p\u00e1rrafo de historia\nsimplemente para recordarles que esta linda movida tecnol\u00f3gica comenz\u00f3 con la\nsegunda visita del Dr. Juri, Rector de la UNC all\u00e1 por abril de 2019,\npresentando las nuevas capacitaciones para el ciclo lectivo de la Universidad\nPopular Los Surgentes.&nbsp; Entre ellas, el\ncurso de Dise\u00f1o e Impresi\u00f3n con una nueva m\u00e1quina que nos lleg\u00f3 gracias al\naporte de la Legislatura de la Provincia de C\u00f3rdoba. <\/p>\n\n\n\n<p>Ya estamos en la primera etapa cumplida, con los primeros alumnos que pudieron realizar sus propios dise\u00f1os pero que adem\u00e1s han tomado un compromiso important\u00edsimo ante la sociedad trabajando como embajadores del Atomic Lab.<\/p>\n\n\n\n<figure class=\"wp-block-image\"><img decoding=\"async\" width=\"960\" height=\"720\" src=\"https:\/\/lossurgentes.gob.ar\/home\/wp-content\/uploads\/2019\/08\/amo-los-surgentes.jpg\" alt=\"\" class=\"wp-image-3548\" \/><\/figure>\n\n\n\n<p>\u201cTrabajamos en equipo para crear\nsoluciones que cambien la vida de millones de personas en el mundo mediante las\n\u00faltimas tecnolog\u00edas\u201d As\u00ed inicia la p\u00e1gina web de esta entidad que tiene como\nfinalidad generar lazos desarrollar tecnolog\u00edas que le brinden una mejor\ncalidad de vida a las personas que han sufrido amputaciones de alguno de sus\nmiembros realizando de forma gratuita la impresi\u00f3n en 3D de pr\u00f3tesis\nortop\u00e9dicas. Cualquier persona que tenga una impresora 3D puede hacerlo, ser un\nembajador at\u00f3mico en cualquier parte del mundo. <\/p>\n\n\n\n<p>Agradecemos al Profesor Jos\u00e9\nManuel Campos, a cargo del dictado del mismo.&nbsp;\nEn los pr\u00f3ximos meses ser\u00e1n los alumnos del Instituto Castoldi (5\u00b0 a\u00f1o)\nquienes puedan recibir esta capacitaci\u00f3n y continuar la tarea de la mano del\nProf. Emerson Tabasso.<\/p>\n\n\n\n<p>Aqu\u00ed les dejamos algunos de los\ndise\u00f1os que realizaron junto a nuestras felicitaciones. Ayer, en el cierre, la\nIntendenta Cra. Paula C\u00f3rdoba y los Secretarios Gimena Spurio y Leandro Papa se\nacercaron al cierre de la jornada. <\/p>\n\n\n\n<p>\u00a1Una experiencia novedosa,\ngracias a los alumnos por confiar nuevamente!<\/p>\n","protected":false},"excerpt":{"rendered":"<p>El curso de Dise\u00f1o e Impresi\u00f3n 3D llega a su fin, pero lo que no termina es el compromiso social de sus alumnos al ser&hellip;<\/p>\n","protected":false},"author":4,"featured_media":3549,"comment_status":"open","ping_status":"open","sticky":false,"template":"","format":"standard","meta":{"_monsterinsights_skip_tracking":false,"_monsterinsights_sitenote_active":false,"_monsterinsights_sitenote_note":"","_monsterinsights_sitenote_category":0,"_joinchat":[],"footnotes":""},"categories":[98,91],"tags":[96],"class_list":["post-3545","post","type-post","status-publish","format-standard","has-post-thumbnail","hentry","category-cursos-noticias","category-noticias","tag-banner"],"aioseo_notices":[],"_links":{"self":[{"href":"https:\/\/lossurgentes.gob.ar\/home\/wp-json\/wp\/v2\/posts\/3545","targetHints":{"allow":["GET"]}}],"collection":[{"href":"https:\/\/lossurgentes.gob.ar\/home\/wp-json\/wp\/v2\/posts"}],"about":[{"href":"https:\/\/lossurgentes.gob.ar\/home\/wp-json\/wp\/v2\/types\/post"}],"author":[{"embeddable":true,"href":"https:\/\/lossurgentes.gob.ar\/home\/wp-json\/wp\/v2\/users\/4"}],"replies":[{"embeddable":true,"href":"https:\/\/lossurgentes.gob.ar\/home\/wp-json\/wp\/v2\/comments?post=3545"}],"version-history":[{"count":1,"href":"https:\/\/lossurgentes.gob.ar\/home\/wp-json\/wp\/v2\/posts\/3545\/revisions"}],"predecessor-version":[{"id":3550,"href":"https:\/\/lossurgentes.gob.ar\/home\/wp-json\/wp\/v2\/posts\/3545\/revisions\/3550"}],"wp:featuredmedia":[{"embeddable":true,"href":"https:\/\/lossurgentes.gob.ar\/home\/wp-json\/wp\/v2\/media\/3549"}],"wp:attachment":[{"href":"https:\/\/lossurgentes.gob.ar\/home\/wp-json\/wp\/v2\/media?parent=3545"}],"wp:term":[{"taxonomy":"category","embeddable":true,"href":"https:\/\/lossurgentes.gob.ar\/home\/wp-json\/wp\/v2\/categories?post=3545"},{"taxonomy":"post_tag","embeddable":true,"href":"https:\/\/lossurgentes.gob.ar\/home\/wp-json\/wp\/v2\/tags?post=3545"}],"curies":[{"name":"wp","href":"https:\/\/api.w.org\/{rel}","templated":true}]}}